{"id":13495,"date":"2023-06-07T18:10:04","date_gmt":"2023-06-07T16:10:04","guid":{"rendered":"https:\/\/www.visit-beaujolais.com\/le-prieure-de-salles-arbuissonnas-en-beaujolais\/"},"modified":"2023-10-14T23:37:10","modified_gmt":"2023-10-14T21:37:10","slug":"le-prieure-de-salles-arbuissonnas-en-beaujolais","status":"publish","type":"post","link":"https:\/\/www.visit-beaujolais.com\/en\/le-prieure-de-salles-arbuissonnas-en-beaujolais\/","title":{"rendered":"Le prieur\u00e9 de Salles Arbuissonnas en Beaujolais"},"content":{"rendered":"\n<p>Le <a href=\"http:\/\/salles-arbuissonnas.fr\/le-prieure\/\" target=\"_blank\" rel=\"noreferrer noopener\">prieur\u00e9 de Salles Arbuissonnas en Beaujolais<\/a>, fond\u00e9 au 10e si\u00e8cle sous l\u2019autorit\u00e9 de l\u2019abbaye de Cluny, est un petit joyau d\u2019architecture. C\u2019est au 14e si\u00e8cle qu\u2019il prit son essor avec l\u2019arriv\u00e9e de B\u00e9n\u00e9dictines qui devinrent, au 18e si\u00e8cle, des Chanoinesses Comtesses. Grav\u00e9s dans ses pierres dor\u00e9es, ce sont 1000 ans d\u2019histoire du Beaujolais qui se racontent \u00e0 nous. Son clo\u00eetre roman du 12e si\u00e8cle m\u00e9rite tout particuli\u00e8rement le d\u00e9tour. Le mus\u00e9e du Prieur\u00e9 abrite une exposition permanente qui revient sur l\u2019histoire de Salles Arbuissonnas.<\/p>\n\n\n\n<p>[cspm_light_map]<\/p>\n","protected":false},"excerpt":{"rendered":"<p>Le prieur\u00e9 de Salles Arbuissonnas en Beaujolais, fond\u00e9 au 10e si\u00e8cle sous l\u2019autorit\u00e9 de l\u2019abbaye de Cluny, est un petit joyau d\u2019architecture. C\u2019est au 14e si\u00e8cle qu\u2019il prit son essor avec l\u2019arriv\u00e9e de B\u00e9n\u00e9dictines qui devinrent, au 18e si\u00e8cle, des Chanoinesses Comtesses. Grav\u00e9s dans ses pierres dor\u00e9es, ce sont 1000 ans d\u2019histoire du Beaujolais qui se racontent \u00e0 nous. Son&#8230;<\/p>\n","protected":false},"author":1,"featured_media":13304,"comment_status":"open","ping_status":"open","sticky":false,"template":"","format":"standard","meta":{"footnotes":""},"categories":[962],"tags":[],"class_list":["post-13495","post","type-post","status-publish","format-standard","has-post-thumbnail","hentry","category-history-heritage"],"yoast_head":"<!-- This site is optimized with the Yoast SEO plugin v20.5 - https:\/\/yoast.com\/wordpress\/plugins\/seo\/ -->\n<title>Le prieur\u00e9 de Salles Arbuissonnas en Beaujolais - Walks in Beaujolais and South Burgundy<\/title>\n<meta name=\"robots\" content=\"index, follow, max-snippet:-1, max-image-preview:large, max-video-preview:-1\" \/>\n<link rel=\"canonical\" href=\"https:\/\/www.visit-beaujolais.com\/en\/le-prieure-de-salles-arbuissonnas-en-beaujolais\/\" \/>\n<meta property=\"og:locale\" content=\"en_US\" \/>\n<meta property=\"og:type\" content=\"article\" \/>\n<meta property=\"og:title\" content=\"Le prieur\u00e9 de Salles Arbuissonnas en Beaujolais - Walks in Beaujolais and South Burgundy\" \/>\n<meta property=\"og:description\" content=\"Le prieur\u00e9 de Salles Arbuissonnas en Beaujolais, fond\u00e9 au 10e si\u00e8cle sous l\u2019autorit\u00e9 de l\u2019abbaye de Cluny, est un petit joyau d\u2019architecture. C\u2019est au 14e si\u00e8cle qu\u2019il prit son essor avec l\u2019arriv\u00e9e de B\u00e9n\u00e9dictines qui devinrent, au 18e si\u00e8cle, des Chanoinesses Comtesses. Grav\u00e9s dans ses pierres dor\u00e9es, ce sont 1000 ans d\u2019histoire du Beaujolais qui se racontent \u00e0 nous. Son...\" \/>\n<meta property=\"og:url\" content=\"https:\/\/www.visit-beaujolais.com\/en\/le-prieure-de-salles-arbuissonnas-en-beaujolais\/\" \/>\n<meta property=\"og:site_name\" content=\"Walks in Beaujolais and South Burgundy\" \/>\n<meta property=\"article:published_time\" content=\"2023-06-07T16:10:04+00:00\" \/>\n<meta property=\"article:modified_time\" content=\"2023-10-14T21:37:10+00:00\" \/>\n<meta property=\"og:image\" content=\"https:\/\/www.visit-beaujolais.com\/wp-content\/uploads\/2023\/06\/prieure-beaujolais.jpg\" \/>\n\t<meta property=\"og:image:width\" content=\"1500\" \/>\n\t<meta property=\"og:image:height\" content=\"1359\" \/>\n\t<meta property=\"og:image:type\" content=\"image\/jpeg\" \/>\n<meta name=\"author\" content=\"Marie en Beaujolais\" \/>\n<meta name=\"twitter:card\" content=\"summary_large_image\" \/>\n<meta name=\"twitter:label1\" content=\"Written by\" \/>\n\t<meta name=\"twitter:data1\" content=\"Marie en Beaujolais\" \/>\n\t<meta name=\"twitter:label2\" content=\"Est. reading time\" \/>\n\t<meta name=\"twitter:data2\" content=\"1 minute\" \/>\n<script type=\"application\/ld+json\" class=\"yoast-schema-graph\">{\"@context\":\"https:\/\/schema.org\",\"@graph\":[{\"@type\":\"WebPage\",\"@id\":\"https:\/\/www.visit-beaujolais.com\/en\/le-prieure-de-salles-arbuissonnas-en-beaujolais\/\",\"url\":\"https:\/\/www.visit-beaujolais.com\/en\/le-prieure-de-salles-arbuissonnas-en-beaujolais\/\",\"name\":\"Le prieur\u00e9 de Salles Arbuissonnas en Beaujolais - Walks in Beaujolais and South Burgundy\",\"isPartOf\":{\"@id\":\"https:\/\/www.visit-beaujolais.com\/#website\"},\"datePublished\":\"2023-06-07T16:10:04+00:00\",\"dateModified\":\"2023-10-14T21:37:10+00:00\",\"author\":{\"@id\":\"https:\/\/www.visit-beaujolais.com\/#\/schema\/person\/2c6e1a32fbaeccf8ffd72e902108b67b\"},\"breadcrumb\":{\"@id\":\"https:\/\/www.visit-beaujolais.com\/en\/le-prieure-de-salles-arbuissonnas-en-beaujolais\/#breadcrumb\"},\"inLanguage\":\"en-US\",\"potentialAction\":[{\"@type\":\"ReadAction\",\"target\":[\"https:\/\/www.visit-beaujolais.com\/en\/le-prieure-de-salles-arbuissonnas-en-beaujolais\/\"]}]},{\"@type\":\"BreadcrumbList\",\"@id\":\"https:\/\/www.visit-beaujolais.com\/en\/le-prieure-de-salles-arbuissonnas-en-beaujolais\/#breadcrumb\",\"itemListElement\":[{\"@type\":\"ListItem\",\"position\":1,\"name\":\"Home\",\"item\":\"https:\/\/www.visit-beaujolais.com\/\"},{\"@type\":\"ListItem\",\"position\":2,\"name\":\"Le prieur\u00e9 de Salles Arbuissonnas en Beaujolais\"}]},{\"@type\":\"WebSite\",\"@id\":\"https:\/\/www.visit-beaujolais.com\/#website\",\"url\":\"https:\/\/www.visit-beaujolais.com\/\",\"name\":\"Walks in Beaujolais and South Burgundy\",\"description\":\"Discover the treasures of Beaujolais\",\"potentialAction\":[{\"@type\":\"SearchAction\",\"target\":{\"@type\":\"EntryPoint\",\"urlTemplate\":\"https:\/\/www.visit-beaujolais.com\/?s={search_term_string}\"},\"query-input\":\"required name=search_term_string\"}],\"inLanguage\":\"en-US\"},{\"@type\":\"Person\",\"@id\":\"https:\/\/www.visit-beaujolais.com\/#\/schema\/person\/2c6e1a32fbaeccf8ffd72e902108b67b\",\"name\":\"Marie en Beaujolais\",\"image\":{\"@type\":\"ImageObject\",\"inLanguage\":\"en-US\",\"@id\":\"https:\/\/www.visit-beaujolais.com\/#\/schema\/person\/image\/\",\"url\":\"https:\/\/www.visit-beaujolais.com\/wp-content\/uploads\/2023\/05\/cropped-icon-gf-100x100.png\",\"contentUrl\":\"https:\/\/www.visit-beaujolais.com\/wp-content\/uploads\/2023\/05\/cropped-icon-gf-100x100.png\",\"caption\":\"Marie en Beaujolais\"},\"url\":\"https:\/\/www.visit-beaujolais.com\/en\/author\/lambelin-welovecamping\/\"}]}<\/script>\n<!-- \/ Yoast SEO plugin. -->","yoast_head_json":{"title":"Le prieur\u00e9 de Salles Arbuissonnas en Beaujolais - Walks in Beaujolais and South Burgundy","robots":{"index":"index","follow":"follow","max-snippet":"max-snippet:-1","max-image-preview":"max-image-preview:large","max-video-preview":"max-video-preview:-1"},"canonical":"https:\/\/www.visit-beaujolais.com\/en\/le-prieure-de-salles-arbuissonnas-en-beaujolais\/","og_locale":"en_US","og_type":"article","og_title":"Le prieur\u00e9 de Salles Arbuissonnas en Beaujolais - Walks in Beaujolais and South Burgundy","og_description":"Le prieur\u00e9 de Salles Arbuissonnas en Beaujolais, fond\u00e9 au 10e si\u00e8cle sous l\u2019autorit\u00e9 de l\u2019abbaye de Cluny, est un petit joyau d\u2019architecture. C\u2019est au 14e si\u00e8cle qu\u2019il prit son essor avec l\u2019arriv\u00e9e de B\u00e9n\u00e9dictines qui devinrent, au 18e si\u00e8cle, des Chanoinesses Comtesses. Grav\u00e9s dans ses pierres dor\u00e9es, ce sont 1000 ans d\u2019histoire du Beaujolais qui se racontent \u00e0 nous. Son...","og_url":"https:\/\/www.visit-beaujolais.com\/en\/le-prieure-de-salles-arbuissonnas-en-beaujolais\/","og_site_name":"Walks in Beaujolais and South Burgundy","article_published_time":"2023-06-07T16:10:04+00:00","article_modified_time":"2023-10-14T21:37:10+00:00","og_image":[{"width":1500,"height":1359,"url":"https:\/\/www.visit-beaujolais.com\/wp-content\/uploads\/2023\/06\/prieure-beaujolais.jpg","type":"image\/jpeg"}],"author":"Marie en Beaujolais","twitter_card":"summary_large_image","twitter_misc":{"Written by":"Marie en Beaujolais","Est. reading time":"1 minute"},"schema":{"@context":"https:\/\/schema.org","@graph":[{"@type":"WebPage","@id":"https:\/\/www.visit-beaujolais.com\/en\/le-prieure-de-salles-arbuissonnas-en-beaujolais\/","url":"https:\/\/www.visit-beaujolais.com\/en\/le-prieure-de-salles-arbuissonnas-en-beaujolais\/","name":"Le prieur\u00e9 de Salles Arbuissonnas en Beaujolais - Walks in Beaujolais and South Burgundy","isPartOf":{"@id":"https:\/\/www.visit-beaujolais.com\/#website"},"datePublished":"2023-06-07T16:10:04+00:00","dateModified":"2023-10-14T21:37:10+00:00","author":{"@id":"https:\/\/www.visit-beaujolais.com\/#\/schema\/person\/2c6e1a32fbaeccf8ffd72e902108b67b"},"breadcrumb":{"@id":"https:\/\/www.visit-beaujolais.com\/en\/le-prieure-de-salles-arbuissonnas-en-beaujolais\/#breadcrumb"},"inLanguage":"en-US","potentialAction":[{"@type":"ReadAction","target":["https:\/\/www.visit-beaujolais.com\/en\/le-prieure-de-salles-arbuissonnas-en-beaujolais\/"]}]},{"@type":"BreadcrumbList","@id":"https:\/\/www.visit-beaujolais.com\/en\/le-prieure-de-salles-arbuissonnas-en-beaujolais\/#breadcrumb","itemListElement":[{"@type":"ListItem","position":1,"name":"Home","item":"https:\/\/www.visit-beaujolais.com\/"},{"@type":"ListItem","position":2,"name":"Le prieur\u00e9 de Salles Arbuissonnas en Beaujolais"}]},{"@type":"WebSite","@id":"https:\/\/www.visit-beaujolais.com\/#website","url":"https:\/\/www.visit-beaujolais.com\/","name":"Walks in Beaujolais and South Burgundy","description":"Discover the treasures of Beaujolais","potentialAction":[{"@type":"SearchAction","target":{"@type":"EntryPoint","urlTemplate":"https:\/\/www.visit-beaujolais.com\/?s={search_term_string}"},"query-input":"required name=search_term_string"}],"inLanguage":"en-US"},{"@type":"Person","@id":"https:\/\/www.visit-beaujolais.com\/#\/schema\/person\/2c6e1a32fbaeccf8ffd72e902108b67b","name":"Marie en Beaujolais","image":{"@type":"ImageObject","inLanguage":"en-US","@id":"https:\/\/www.visit-beaujolais.com\/#\/schema\/person\/image\/","url":"https:\/\/www.visit-beaujolais.com\/wp-content\/uploads\/2023\/05\/cropped-icon-gf-100x100.png","contentUrl":"https:\/\/www.visit-beaujolais.com\/wp-content\/uploads\/2023\/05\/cropped-icon-gf-100x100.png","caption":"Marie en Beaujolais"},"url":"https:\/\/www.visit-beaujolais.com\/en\/author\/lambelin-welovecamping\/"}]}},"_links":{"self":[{"href":"https:\/\/www.visit-beaujolais.com\/en\/wp-json\/wp\/v2\/posts\/13495","targetHints":{"allow":["GET"]}}],"collection":[{"href":"https:\/\/www.visit-beaujolais.com\/en\/wp-json\/wp\/v2\/posts"}],"about":[{"href":"https:\/\/www.visit-beaujolais.com\/en\/wp-json\/wp\/v2\/types\/post"}],"author":[{"embeddable":true,"href":"https:\/\/www.visit-beaujolais.com\/en\/wp-json\/wp\/v2\/users\/1"}],"replies":[{"embeddable":true,"href":"https:\/\/www.visit-beaujolais.com\/en\/wp-json\/wp\/v2\/comments?post=13495"}],"version-history":[{"count":1,"href":"https:\/\/www.visit-beaujolais.com\/en\/wp-json\/wp\/v2\/posts\/13495\/revisions"}],"predecessor-version":[{"id":13509,"href":"https:\/\/www.visit-beaujolais.com\/en\/wp-json\/wp\/v2\/posts\/13495\/revisions\/13509"}],"wp:featuredmedia":[{"embeddable":true,"href":"https:\/\/www.visit-beaujolais.com\/en\/wp-json\/wp\/v2\/media\/13304"}],"wp:attachment":[{"href":"https:\/\/www.visit-beaujolais.com\/en\/wp-json\/wp\/v2\/media?parent=13495"}],"wp:term":[{"taxonomy":"category","embeddable":true,"href":"https:\/\/www.visit-beaujolais.com\/en\/wp-json\/wp\/v2\/categories?post=13495"},{"taxonomy":"post_tag","embeddable":true,"href":"https:\/\/www.visit-beaujolais.com\/en\/wp-json\/wp\/v2\/tags?post=13495"}],"curies":[{"name":"wp","href":"https:\/\/api.w.org\/{rel}","templated":true}]}}