{"id":13497,"date":"2023-06-07T17:32:37","date_gmt":"2023-06-07T15:32:37","guid":{"rendered":"https:\/\/www.visit-beaujolais.com\/les-carrieres-de-glay\/"},"modified":"2023-10-14T23:25:54","modified_gmt":"2023-10-14T21:25:54","slug":"les-carrieres-de-glay","status":"publish","type":"post","link":"https:\/\/www.visit-beaujolais.com\/en\/les-carrieres-de-glay\/","title":{"rendered":"Les carri\u00e8res de Glay"},"content":{"rendered":"\n<p>Les<a href=\"https:\/\/www.carrieres-de-glay.fr\/\" target=\"_blank\" rel=\"noreferrer noopener\"> carri\u00e8res de Glay<\/a> sont un des lieux o\u00f9 s\u2019est \u00e9crit l\u2019histoire du Beaujolais. C\u2019est en effet ici que fut extraite la pierre ocre qui a permis de construire les c\u00e9l\u00e8bres villages de pierres dor\u00e9es. Les carri\u00e8res ont cess\u00e9 leur activit\u00e9 au lendemain de la<br>derni\u00e8re guerre. Des sculpteurs et des forgerons maintiennent la tradition artisanale et vous expliquent la vie des carri\u00e8res autrefois (les lundi et jeudi apr\u00e8s-midi et les samedi matin).<\/p>\n\n\n\n<p>[cspm_light_map]<\/p>\n","protected":false},"excerpt":{"rendered":"<p>Les carri\u00e8res de Glay sont un des lieux o\u00f9 s\u2019est \u00e9crit l\u2019histoire du Beaujolais. C\u2019est en effet ici que fut extraite la pierre ocre qui a permis de construire les c\u00e9l\u00e8bres villages de pierres dor\u00e9es. Les carri\u00e8res ont cess\u00e9 leur activit\u00e9 au lendemain de laderni\u00e8re guerre. Des sculpteurs et des forgerons maintiennent la tradition artisanale et vous expliquent la vie&#8230;<\/p>\n","protected":false},"author":1,"featured_media":13296,"comment_status":"open","ping_status":"open","sticky":false,"template":"","format":"standard","meta":{"footnotes":""},"categories":[962],"tags":[],"class_list":["post-13497","post","type-post","status-publish","format-standard","has-post-thumbnail","hentry","category-history-heritage"],"yoast_head":"<!-- This site is optimized with the Yoast SEO plugin v20.5 - https:\/\/yoast.com\/wordpress\/plugins\/seo\/ -->\n<title>Les carri\u00e8res de Glay - Walks in Beaujolais and South Burgundy<\/title>\n<meta name=\"robots\" content=\"index, follow, max-snippet:-1, max-image-preview:large, max-video-preview:-1\" \/>\n<link rel=\"canonical\" href=\"https:\/\/www.visit-beaujolais.com\/en\/les-carrieres-de-glay\/\" \/>\n<meta property=\"og:locale\" content=\"en_US\" \/>\n<meta property=\"og:type\" content=\"article\" \/>\n<meta property=\"og:title\" content=\"Les carri\u00e8res de Glay - Walks in Beaujolais and South Burgundy\" \/>\n<meta property=\"og:description\" content=\"Les carri\u00e8res de Glay sont un des lieux o\u00f9 s\u2019est \u00e9crit l\u2019histoire du Beaujolais. C\u2019est en effet ici que fut extraite la pierre ocre qui a permis de construire les c\u00e9l\u00e8bres villages de pierres dor\u00e9es. Les carri\u00e8res ont cess\u00e9 leur activit\u00e9 au lendemain de laderni\u00e8re guerre. Des sculpteurs et des forgerons maintiennent la tradition artisanale et vous expliquent la vie...\" \/>\n<meta property=\"og:url\" content=\"https:\/\/www.visit-beaujolais.com\/en\/les-carrieres-de-glay\/\" \/>\n<meta property=\"og:site_name\" content=\"Walks in Beaujolais and South Burgundy\" \/>\n<meta property=\"article:published_time\" content=\"2023-06-07T15:32:37+00:00\" \/>\n<meta property=\"article:modified_time\" content=\"2023-10-14T21:25:54+00:00\" \/>\n<meta property=\"og:image\" content=\"https:\/\/www.visit-beaujolais.com\/wp-content\/uploads\/2023\/06\/carriere-glay.jpg\" \/>\n\t<meta property=\"og:image:width\" content=\"540\" \/>\n\t<meta property=\"og:image:height\" content=\"495\" \/>\n\t<meta property=\"og:image:type\" content=\"image\/jpeg\" \/>\n<meta name=\"author\" content=\"Marie en Beaujolais\" \/>\n<meta name=\"twitter:card\" content=\"summary_large_image\" \/>\n<meta name=\"twitter:label1\" content=\"Written by\" \/>\n\t<meta name=\"twitter:data1\" content=\"Marie en Beaujolais\" \/>\n\t<meta name=\"twitter:label2\" content=\"Est. reading time\" \/>\n\t<meta name=\"twitter:data2\" content=\"1 minute\" \/>\n<script type=\"application\/ld+json\" class=\"yoast-schema-graph\">{\"@context\":\"https:\/\/schema.org\",\"@graph\":[{\"@type\":\"WebPage\",\"@id\":\"https:\/\/www.visit-beaujolais.com\/en\/les-carrieres-de-glay\/\",\"url\":\"https:\/\/www.visit-beaujolais.com\/en\/les-carrieres-de-glay\/\",\"name\":\"Les carri\u00e8res de Glay - Walks in Beaujolais and South Burgundy\",\"isPartOf\":{\"@id\":\"https:\/\/www.visit-beaujolais.com\/#website\"},\"datePublished\":\"2023-06-07T15:32:37+00:00\",\"dateModified\":\"2023-10-14T21:25:54+00:00\",\"author\":{\"@id\":\"https:\/\/www.visit-beaujolais.com\/#\/schema\/person\/2c6e1a32fbaeccf8ffd72e902108b67b\"},\"breadcrumb\":{\"@id\":\"https:\/\/www.visit-beaujolais.com\/en\/les-carrieres-de-glay\/#breadcrumb\"},\"inLanguage\":\"en-US\",\"potentialAction\":[{\"@type\":\"ReadAction\",\"target\":[\"https:\/\/www.visit-beaujolais.com\/en\/les-carrieres-de-glay\/\"]}]},{\"@type\":\"BreadcrumbList\",\"@id\":\"https:\/\/www.visit-beaujolais.com\/en\/les-carrieres-de-glay\/#breadcrumb\",\"itemListElement\":[{\"@type\":\"ListItem\",\"position\":1,\"name\":\"Home\",\"item\":\"https:\/\/www.visit-beaujolais.com\/\"},{\"@type\":\"ListItem\",\"position\":2,\"name\":\"Les carri\u00e8res de Glay\"}]},{\"@type\":\"WebSite\",\"@id\":\"https:\/\/www.visit-beaujolais.com\/#website\",\"url\":\"https:\/\/www.visit-beaujolais.com\/\",\"name\":\"Walks in Beaujolais and South Burgundy\",\"description\":\"Discover the treasures of Beaujolais\",\"potentialAction\":[{\"@type\":\"SearchAction\",\"target\":{\"@type\":\"EntryPoint\",\"urlTemplate\":\"https:\/\/www.visit-beaujolais.com\/?s={search_term_string}\"},\"query-input\":\"required name=search_term_string\"}],\"inLanguage\":\"en-US\"},{\"@type\":\"Person\",\"@id\":\"https:\/\/www.visit-beaujolais.com\/#\/schema\/person\/2c6e1a32fbaeccf8ffd72e902108b67b\",\"name\":\"Marie en Beaujolais\",\"image\":{\"@type\":\"ImageObject\",\"inLanguage\":\"en-US\",\"@id\":\"https:\/\/www.visit-beaujolais.com\/#\/schema\/person\/image\/\",\"url\":\"https:\/\/www.visit-beaujolais.com\/wp-content\/uploads\/2023\/05\/cropped-icon-gf-100x100.png\",\"contentUrl\":\"https:\/\/www.visit-beaujolais.com\/wp-content\/uploads\/2023\/05\/cropped-icon-gf-100x100.png\",\"caption\":\"Marie en Beaujolais\"},\"url\":\"https:\/\/www.visit-beaujolais.com\/en\/author\/lambelin-welovecamping\/\"}]}<\/script>\n<!-- \/ Yoast SEO plugin. -->","yoast_head_json":{"title":"Les carri\u00e8res de Glay - Walks in Beaujolais and South Burgundy","robots":{"index":"index","follow":"follow","max-snippet":"max-snippet:-1","max-image-preview":"max-image-preview:large","max-video-preview":"max-video-preview:-1"},"canonical":"https:\/\/www.visit-beaujolais.com\/en\/les-carrieres-de-glay\/","og_locale":"en_US","og_type":"article","og_title":"Les carri\u00e8res de Glay - Walks in Beaujolais and South Burgundy","og_description":"Les carri\u00e8res de Glay sont un des lieux o\u00f9 s\u2019est \u00e9crit l\u2019histoire du Beaujolais. C\u2019est en effet ici que fut extraite la pierre ocre qui a permis de construire les c\u00e9l\u00e8bres villages de pierres dor\u00e9es. Les carri\u00e8res ont cess\u00e9 leur activit\u00e9 au lendemain de laderni\u00e8re guerre. Des sculpteurs et des forgerons maintiennent la tradition artisanale et vous expliquent la vie...","og_url":"https:\/\/www.visit-beaujolais.com\/en\/les-carrieres-de-glay\/","og_site_name":"Walks in Beaujolais and South Burgundy","article_published_time":"2023-06-07T15:32:37+00:00","article_modified_time":"2023-10-14T21:25:54+00:00","og_image":[{"width":540,"height":495,"url":"https:\/\/www.visit-beaujolais.com\/wp-content\/uploads\/2023\/06\/carriere-glay.jpg","type":"image\/jpeg"}],"author":"Marie en Beaujolais","twitter_card":"summary_large_image","twitter_misc":{"Written by":"Marie en Beaujolais","Est. reading time":"1 minute"},"schema":{"@context":"https:\/\/schema.org","@graph":[{"@type":"WebPage","@id":"https:\/\/www.visit-beaujolais.com\/en\/les-carrieres-de-glay\/","url":"https:\/\/www.visit-beaujolais.com\/en\/les-carrieres-de-glay\/","name":"Les carri\u00e8res de Glay - Walks in Beaujolais and South Burgundy","isPartOf":{"@id":"https:\/\/www.visit-beaujolais.com\/#website"},"datePublished":"2023-06-07T15:32:37+00:00","dateModified":"2023-10-14T21:25:54+00:00","author":{"@id":"https:\/\/www.visit-beaujolais.com\/#\/schema\/person\/2c6e1a32fbaeccf8ffd72e902108b67b"},"breadcrumb":{"@id":"https:\/\/www.visit-beaujolais.com\/en\/les-carrieres-de-glay\/#breadcrumb"},"inLanguage":"en-US","potentialAction":[{"@type":"ReadAction","target":["https:\/\/www.visit-beaujolais.com\/en\/les-carrieres-de-glay\/"]}]},{"@type":"BreadcrumbList","@id":"https:\/\/www.visit-beaujolais.com\/en\/les-carrieres-de-glay\/#breadcrumb","itemListElement":[{"@type":"ListItem","position":1,"name":"Home","item":"https:\/\/www.visit-beaujolais.com\/"},{"@type":"ListItem","position":2,"name":"Les carri\u00e8res de Glay"}]},{"@type":"WebSite","@id":"https:\/\/www.visit-beaujolais.com\/#website","url":"https:\/\/www.visit-beaujolais.com\/","name":"Walks in Beaujolais and South Burgundy","description":"Discover the treasures of Beaujolais","potentialAction":[{"@type":"SearchAction","target":{"@type":"EntryPoint","urlTemplate":"https:\/\/www.visit-beaujolais.com\/?s={search_term_string}"},"query-input":"required name=search_term_string"}],"inLanguage":"en-US"},{"@type":"Person","@id":"https:\/\/www.visit-beaujolais.com\/#\/schema\/person\/2c6e1a32fbaeccf8ffd72e902108b67b","name":"Marie en Beaujolais","image":{"@type":"ImageObject","inLanguage":"en-US","@id":"https:\/\/www.visit-beaujolais.com\/#\/schema\/person\/image\/","url":"https:\/\/www.visit-beaujolais.com\/wp-content\/uploads\/2023\/05\/cropped-icon-gf-100x100.png","contentUrl":"https:\/\/www.visit-beaujolais.com\/wp-content\/uploads\/2023\/05\/cropped-icon-gf-100x100.png","caption":"Marie en Beaujolais"},"url":"https:\/\/www.visit-beaujolais.com\/en\/author\/lambelin-welovecamping\/"}]}},"_links":{"self":[{"href":"https:\/\/www.visit-beaujolais.com\/en\/wp-json\/wp\/v2\/posts\/13497","targetHints":{"allow":["GET"]}}],"collection":[{"href":"https:\/\/www.visit-beaujolais.com\/en\/wp-json\/wp\/v2\/posts"}],"about":[{"href":"https:\/\/www.visit-beaujolais.com\/en\/wp-json\/wp\/v2\/types\/post"}],"author":[{"embeddable":true,"href":"https:\/\/www.visit-beaujolais.com\/en\/wp-json\/wp\/v2\/users\/1"}],"replies":[{"embeddable":true,"href":"https:\/\/www.visit-beaujolais.com\/en\/wp-json\/wp\/v2\/comments?post=13497"}],"version-history":[{"count":1,"href":"https:\/\/www.visit-beaujolais.com\/en\/wp-json\/wp\/v2\/posts\/13497\/revisions"}],"predecessor-version":[{"id":13505,"href":"https:\/\/www.visit-beaujolais.com\/en\/wp-json\/wp\/v2\/posts\/13497\/revisions\/13505"}],"wp:featuredmedia":[{"embeddable":true,"href":"https:\/\/www.visit-beaujolais.com\/en\/wp-json\/wp\/v2\/media\/13296"}],"wp:attachment":[{"href":"https:\/\/www.visit-beaujolais.com\/en\/wp-json\/wp\/v2\/media?parent=13497"}],"wp:term":[{"taxonomy":"category","embeddable":true,"href":"https:\/\/www.visit-beaujolais.com\/en\/wp-json\/wp\/v2\/categories?post=13497"},{"taxonomy":"post_tag","embeddable":true,"href":"https:\/\/www.visit-beaujolais.com\/en\/wp-json\/wp\/v2\/tags?post=13497"}],"curies":[{"name":"wp","href":"https:\/\/api.w.org\/{rel}","templated":true}]}}