{"id":13726,"date":"2024-09-18T10:29:44","date_gmt":"2024-09-18T08:29:44","guid":{"rendered":"https:\/\/www.visit-beaujolais.com\/chateau-gaillard-une-histoire-de-famille\/"},"modified":"2024-09-18T10:35:15","modified_gmt":"2024-09-18T08:35:15","slug":"chateau-gaillard-une-histoire-de-famille","status":"publish","type":"post","link":"https:\/\/www.visit-beaujolais.com\/en\/chateau-gaillard-une-histoire-de-famille\/","title":{"rendered":"Ch\u00e2teau Gaillard, a family story"},"content":{"rendered":"\n<p><strong>The latest in a long line of winegrowers, S\u00e9bastien Gutty proudly defends the colours of Beaujolais on the 12-hectare Ch\u00e2teau Gaillard estate in the commune of Villi\u00e9-Morgon.<\/strong><\/p>\n\n\n\n<p>S\u00e9bastien Gutty is the latest in a long line of winegrowers. The Gutty family have been winegrowers from father to son for seven generations. And that&#8217;s just the beginning! S\u00e9bastien set up in 1997 at Ch\u00e2teau Gaillard, the 12-hectare estate acquired by his family in 1972. Situated in the commune of Villi\u00e9 Morgon, it produces Morgon, the village&#8217;s flagship appellation, but also has vines in the Fleurie and Moulin-\u00e0-Vent appellations. From the campsite, you can go to the Ch\u00e2teau Gaillard estate to visit its cellar or admire the beautiful wine press that stands in front of the ch\u00e2teau and, of course, taste three of the 10 Beaujolais crus. S\u00e9bastien welcomes you to his cellar to help you discover his wines. These wines are made from vines around 60 years old. Some are even a hundred years old. However, S\u00e9bastien Gutty has chosen to renew certain plots in order to develop his growing methods. He takes particular care to work the grapes without chemical fertilisers, harvesting by hand before ageing the wine in wooden tuns for 6 to 12 months. This produces fruity wines, typical of Gamay. These wines are easy to drink as an aperitif or with food.<\/p>\n\n\n\n<p>Ch\u00e2teau Gaillard Open daily from 1 April to 31 December, 10am to 5pm,<\/p>\n\n\n\n<p><a href=\"http:\/\/www.chateaugaillard.com\" target=\"_blank\" rel=\"noreferrer noopener\">www.chateaugaillard.com<\/a><\/p>\n\n\n\n<figure class=\"wp-block-gallery has-nested-images columns-default is-cropped wp-block-gallery-1 is-layout-flex wp-block-gallery-is-layout-flex\">\n<figure class=\"wp-block-image size-full\"><a href=\"https:\/\/www.visit-beaujolais.com\/wp-content\/uploads\/2024\/09\/grappe-fleurie-2023-074.jpg\" target=\"_blank\" rel=\"noopener\"><img loading=\"lazy\" decoding=\"async\" width=\"1500\" height=\"913\" data-id=\"13713\" src=\"https:\/\/www.visit-beaujolais.com\/wp-content\/uploads\/2024\/09\/grappe-fleurie-2023-074.jpg\" alt=\"\" class=\"wp-image-13713\" srcset=\"https:\/\/www.visit-beaujolais.com\/wp-content\/uploads\/2024\/09\/grappe-fleurie-2023-074.jpg 1500w, https:\/\/www.visit-beaujolais.com\/wp-content\/uploads\/2024\/09\/grappe-fleurie-2023-074-300x183.jpg 300w, https:\/\/www.visit-beaujolais.com\/wp-content\/uploads\/2024\/09\/grappe-fleurie-2023-074-1024x623.jpg 1024w, https:\/\/www.visit-beaujolais.com\/wp-content\/uploads\/2024\/09\/grappe-fleurie-2023-074-768x467.jpg 768w, https:\/\/www.visit-beaujolais.com\/wp-content\/uploads\/2024\/09\/grappe-fleurie-2023-074-1140x694.jpg 1140w, https:\/\/www.visit-beaujolais.com\/wp-content\/uploads\/2024\/09\/grappe-fleurie-2023-074-736x448.jpg 736w\" sizes=\"auto, (max-width: 1500px) 100vw, 1500px\" \/><\/a><\/figure>\n\n\n\n<figure class=\"wp-block-image size-full\"><a href=\"https:\/\/www.visit-beaujolais.com\/wp-content\/uploads\/2024\/09\/grappe-fleurie-2023-077.jpg\" target=\"_blank\" rel=\"noopener\"><img loading=\"lazy\" decoding=\"async\" width=\"1500\" height=\"953\" data-id=\"13715\" src=\"https:\/\/www.visit-beaujolais.com\/wp-content\/uploads\/2024\/09\/grappe-fleurie-2023-077.jpg\" alt=\"\" class=\"wp-image-13715\" srcset=\"https:\/\/www.visit-beaujolais.com\/wp-content\/uploads\/2024\/09\/grappe-fleurie-2023-077.jpg 1500w, https:\/\/www.visit-beaujolais.com\/wp-content\/uploads\/2024\/09\/grappe-fleurie-2023-077-300x191.jpg 300w, https:\/\/www.visit-beaujolais.com\/wp-content\/uploads\/2024\/09\/grappe-fleurie-2023-077-1024x651.jpg 1024w, https:\/\/www.visit-beaujolais.com\/wp-content\/uploads\/2024\/09\/grappe-fleurie-2023-077-768x488.jpg 768w, https:\/\/www.visit-beaujolais.com\/wp-content\/uploads\/2024\/09\/grappe-fleurie-2023-077-1140x724.jpg 1140w, https:\/\/www.visit-beaujolais.com\/wp-content\/uploads\/2024\/09\/grappe-fleurie-2023-077-736x468.jpg 736w\" sizes=\"auto, (max-width: 1500px) 100vw, 1500px\" \/><\/a><\/figure>\n\n\n\n<figure class=\"wp-block-image size-full\"><a href=\"https:\/\/www.visit-beaujolais.com\/wp-content\/uploads\/2024\/09\/grappe-fleurie-2023-082.jpg\" target=\"_blank\" rel=\"noopener\"><img loading=\"lazy\" decoding=\"async\" width=\"1500\" height=\"914\" data-id=\"13717\" src=\"https:\/\/www.visit-beaujolais.com\/wp-content\/uploads\/2024\/09\/grappe-fleurie-2023-082.jpg\" alt=\"\" class=\"wp-image-13717\" srcset=\"https:\/\/www.visit-beaujolais.com\/wp-content\/uploads\/2024\/09\/grappe-fleurie-2023-082.jpg 1500w, https:\/\/www.visit-beaujolais.com\/wp-content\/uploads\/2024\/09\/grappe-fleurie-2023-082-300x183.jpg 300w, https:\/\/www.visit-beaujolais.com\/wp-content\/uploads\/2024\/09\/grappe-fleurie-2023-082-1024x624.jpg 1024w, https:\/\/www.visit-beaujolais.com\/wp-content\/uploads\/2024\/09\/grappe-fleurie-2023-082-768x468.jpg 768w, https:\/\/www.visit-beaujolais.com\/wp-content\/uploads\/2024\/09\/grappe-fleurie-2023-082-1140x695.jpg 1140w, https:\/\/www.visit-beaujolais.com\/wp-content\/uploads\/2024\/09\/grappe-fleurie-2023-082-736x448.jpg 736w\" sizes=\"auto, (max-width: 1500px) 100vw, 1500px\" \/><\/a><\/figure>\n\n\n\n<figure class=\"wp-block-image size-full\"><a href=\"https:\/\/www.visit-beaujolais.com\/wp-content\/uploads\/2024\/09\/grappe-fleurie-2023-083.jpg\" target=\"_blank\" rel=\"noopener\"><img loading=\"lazy\" decoding=\"async\" width=\"1500\" height=\"918\" data-id=\"13723\" src=\"https:\/\/www.visit-beaujolais.com\/wp-content\/uploads\/2024\/09\/grappe-fleurie-2023-083.jpg\" alt=\"\" class=\"wp-image-13723\" srcset=\"https:\/\/www.visit-beaujolais.com\/wp-content\/uploads\/2024\/09\/grappe-fleurie-2023-083.jpg 1500w, https:\/\/www.visit-beaujolais.com\/wp-content\/uploads\/2024\/09\/grappe-fleurie-2023-083-300x184.jpg 300w, https:\/\/www.visit-beaujolais.com\/wp-content\/uploads\/2024\/09\/grappe-fleurie-2023-083-1024x627.jpg 1024w, https:\/\/www.visit-beaujolais.com\/wp-content\/uploads\/2024\/09\/grappe-fleurie-2023-083-768x470.jpg 768w, https:\/\/www.visit-beaujolais.com\/wp-content\/uploads\/2024\/09\/grappe-fleurie-2023-083-1140x698.jpg 1140w, https:\/\/www.visit-beaujolais.com\/wp-content\/uploads\/2024\/09\/grappe-fleurie-2023-083-736x450.jpg 736w\" sizes=\"auto, (max-width: 1500px) 100vw, 1500px\" \/><\/a><\/figure>\n\n\n\n<figure class=\"wp-block-image size-full\"><a href=\"https:\/\/www.visit-beaujolais.com\/wp-content\/uploads\/2024\/09\/grappe-fleurie-2023-090.jpg\" target=\"_blank\" rel=\"noopener\"><img loading=\"lazy\" decoding=\"async\" width=\"1500\" height=\"1000\" data-id=\"13721\" src=\"https:\/\/www.visit-beaujolais.com\/wp-content\/uploads\/2024\/09\/grappe-fleurie-2023-090.jpg\" alt=\"\" class=\"wp-image-13721\" srcset=\"https:\/\/www.visit-beaujolais.com\/wp-content\/uploads\/2024\/09\/grappe-fleurie-2023-090.jpg 1500w, https:\/\/www.visit-beaujolais.com\/wp-content\/uploads\/2024\/09\/grappe-fleurie-2023-090-300x200.jpg 300w, https:\/\/www.visit-beaujolais.com\/wp-content\/uploads\/2024\/09\/grappe-fleurie-2023-090-1024x683.jpg 1024w, https:\/\/www.visit-beaujolais.com\/wp-content\/uploads\/2024\/09\/grappe-fleurie-2023-090-768x512.jpg 768w, https:\/\/www.visit-beaujolais.com\/wp-content\/uploads\/2024\/09\/grappe-fleurie-2023-090-120x80.jpg 120w, https:\/\/www.visit-beaujolais.com\/wp-content\/uploads\/2024\/09\/grappe-fleurie-2023-090-1140x760.jpg 1140w, https:\/\/www.visit-beaujolais.com\/wp-content\/uploads\/2024\/09\/grappe-fleurie-2023-090-736x491.jpg 736w\" sizes=\"auto, (max-width: 1500px) 100vw, 1500px\" \/><\/a><\/figure>\n\n\n\n<figure class=\"wp-block-image size-full\"><a href=\"https:\/\/www.visit-beaujolais.com\/wp-content\/uploads\/2024\/09\/grappe-fleurie-2023-091.jpg\" target=\"_blank\" rel=\"noopener\"><img loading=\"lazy\" decoding=\"async\" width=\"1500\" height=\"984\" data-id=\"13719\" src=\"https:\/\/www.visit-beaujolais.com\/wp-content\/uploads\/2024\/09\/grappe-fleurie-2023-091.jpg\" alt=\"\" class=\"wp-image-13719\" srcset=\"https:\/\/www.visit-beaujolais.com\/wp-content\/uploads\/2024\/09\/grappe-fleurie-2023-091.jpg 1500w, https:\/\/www.visit-beaujolais.com\/wp-content\/uploads\/2024\/09\/grappe-fleurie-2023-091-300x197.jpg 300w, https:\/\/www.visit-beaujolais.com\/wp-content\/uploads\/2024\/09\/grappe-fleurie-2023-091-1024x672.jpg 1024w, https:\/\/www.visit-beaujolais.com\/wp-content\/uploads\/2024\/09\/grappe-fleurie-2023-091-768x504.jpg 768w, https:\/\/www.visit-beaujolais.com\/wp-content\/uploads\/2024\/09\/grappe-fleurie-2023-091-120x80.jpg 120w, https:\/\/www.visit-beaujolais.com\/wp-content\/uploads\/2024\/09\/grappe-fleurie-2023-091-1140x748.jpg 1140w, https:\/\/www.visit-beaujolais.com\/wp-content\/uploads\/2024\/09\/grappe-fleurie-2023-091-736x483.jpg 736w\" sizes=\"auto, (max-width: 1500px) 100vw, 1500px\" \/><\/a><\/figure>\n<\/figure>\n","protected":false},"excerpt":{"rendered":"<p>The latest in a long line of winegrowers, S\u00e9bastien Gutty proudly defends the colours of Beaujolais on the 12-hectare Ch\u00e2teau Gaillard estate in the commune of Villi\u00e9-Morgon. S\u00e9bastien Gutty is the latest in a long line of winegrowers. The Gutty family have been winegrowers from father to son for seven generations. And that&#8217;s just the beginning! S\u00e9bastien set up in&#8230;<\/p>\n","protected":false},"author":1,"featured_media":13712,"comment_status":"open","ping_status":"open","sticky":false,"template":"","format":"standard","meta":{"footnotes":""},"categories":[971],"tags":[],"class_list":["post-13726","post","type-post","status-publish","format-standard","has-post-thumbnail","hentry","category-wine-estates"],"yoast_head":"<!-- This site is optimized with the Yoast SEO plugin v20.5 - https:\/\/yoast.com\/wordpress\/plugins\/seo\/ -->\n<title>Ch\u00e2teau Gaillard, a family story - Walks in Beaujolais and South Burgundy<\/title>\n<meta name=\"robots\" content=\"index, follow, max-snippet:-1, max-image-preview:large, max-video-preview:-1\" \/>\n<link rel=\"canonical\" href=\"https:\/\/www.visit-beaujolais.com\/en\/chateau-gaillard-une-histoire-de-famille\/\" \/>\n<meta property=\"og:locale\" content=\"en_US\" \/>\n<meta property=\"og:type\" content=\"article\" \/>\n<meta property=\"og:title\" content=\"Ch\u00e2teau Gaillard, a family story - Walks in Beaujolais and South Burgundy\" \/>\n<meta property=\"og:description\" content=\"The latest in a long line of winegrowers, S\u00e9bastien Gutty proudly defends the colours of Beaujolais on the 12-hectare Ch\u00e2teau Gaillard estate in the commune of Villi\u00e9-Morgon. S\u00e9bastien Gutty is the latest in a long line of winegrowers. The Gutty family have been winegrowers from father to son for seven generations. And that&#8217;s just the beginning! S\u00e9bastien set up in...\" \/>\n<meta property=\"og:url\" content=\"https:\/\/www.visit-beaujolais.com\/en\/chateau-gaillard-une-histoire-de-famille\/\" \/>\n<meta property=\"og:site_name\" content=\"Walks in Beaujolais and South Burgundy\" \/>\n<meta property=\"article:published_time\" content=\"2024-09-18T08:29:44+00:00\" \/>\n<meta property=\"article:modified_time\" content=\"2024-09-18T08:35:15+00:00\" \/>\n<meta property=\"og:image\" content=\"https:\/\/www.visit-beaujolais.com\/wp-content\/uploads\/2024\/09\/grappe-fleurie-2023-092.jpg\" \/>\n\t<meta property=\"og:image:width\" content=\"1500\" \/>\n\t<meta property=\"og:image:height\" content=\"868\" \/>\n\t<meta property=\"og:image:type\" content=\"image\/jpeg\" \/>\n<meta name=\"author\" content=\"Marie en Beaujolais\" \/>\n<meta name=\"twitter:card\" content=\"summary_large_image\" \/>\n<meta name=\"twitter:label1\" content=\"Written by\" \/>\n\t<meta name=\"twitter:data1\" content=\"Marie en Beaujolais\" \/>\n\t<meta name=\"twitter:label2\" content=\"Est. reading time\" \/>\n\t<meta name=\"twitter:data2\" content=\"1 minute\" \/>\n<script type=\"application\/ld+json\" class=\"yoast-schema-graph\">{\"@context\":\"https:\/\/schema.org\",\"@graph\":[{\"@type\":\"WebPage\",\"@id\":\"https:\/\/www.visit-beaujolais.com\/en\/chateau-gaillard-une-histoire-de-famille\/\",\"url\":\"https:\/\/www.visit-beaujolais.com\/en\/chateau-gaillard-une-histoire-de-famille\/\",\"name\":\"Ch\u00e2teau Gaillard, a family story - Walks in Beaujolais and South Burgundy\",\"isPartOf\":{\"@id\":\"https:\/\/www.visit-beaujolais.com\/#website\"},\"datePublished\":\"2024-09-18T08:29:44+00:00\",\"dateModified\":\"2024-09-18T08:35:15+00:00\",\"author\":{\"@id\":\"https:\/\/www.visit-beaujolais.com\/#\/schema\/person\/2c6e1a32fbaeccf8ffd72e902108b67b\"},\"breadcrumb\":{\"@id\":\"https:\/\/www.visit-beaujolais.com\/en\/chateau-gaillard-une-histoire-de-famille\/#breadcrumb\"},\"inLanguage\":\"en-US\",\"potentialAction\":[{\"@type\":\"ReadAction\",\"target\":[\"https:\/\/www.visit-beaujolais.com\/en\/chateau-gaillard-une-histoire-de-famille\/\"]}]},{\"@type\":\"BreadcrumbList\",\"@id\":\"https:\/\/www.visit-beaujolais.com\/en\/chateau-gaillard-une-histoire-de-famille\/#breadcrumb\",\"itemListElement\":[{\"@type\":\"ListItem\",\"position\":1,\"name\":\"Home\",\"item\":\"https:\/\/www.visit-beaujolais.com\/\"},{\"@type\":\"ListItem\",\"position\":2,\"name\":\"Ch\u00e2teau Gaillard, a family story\"}]},{\"@type\":\"WebSite\",\"@id\":\"https:\/\/www.visit-beaujolais.com\/#website\",\"url\":\"https:\/\/www.visit-beaujolais.com\/\",\"name\":\"Walks in Beaujolais and South Burgundy\",\"description\":\"Discover the treasures of Beaujolais\",\"potentialAction\":[{\"@type\":\"SearchAction\",\"target\":{\"@type\":\"EntryPoint\",\"urlTemplate\":\"https:\/\/www.visit-beaujolais.com\/?s={search_term_string}\"},\"query-input\":\"required name=search_term_string\"}],\"inLanguage\":\"en-US\"},{\"@type\":\"Person\",\"@id\":\"https:\/\/www.visit-beaujolais.com\/#\/schema\/person\/2c6e1a32fbaeccf8ffd72e902108b67b\",\"name\":\"Marie en Beaujolais\",\"image\":{\"@type\":\"ImageObject\",\"inLanguage\":\"en-US\",\"@id\":\"https:\/\/www.visit-beaujolais.com\/#\/schema\/person\/image\/\",\"url\":\"https:\/\/www.visit-beaujolais.com\/wp-content\/uploads\/2023\/05\/cropped-icon-gf-100x100.png\",\"contentUrl\":\"https:\/\/www.visit-beaujolais.com\/wp-content\/uploads\/2023\/05\/cropped-icon-gf-100x100.png\",\"caption\":\"Marie en Beaujolais\"},\"url\":\"https:\/\/www.visit-beaujolais.com\/en\/author\/lambelin-welovecamping\/\"}]}<\/script>\n<!-- \/ Yoast SEO plugin. -->","yoast_head_json":{"title":"Ch\u00e2teau Gaillard, a family story - Walks in Beaujolais and South Burgundy","robots":{"index":"index","follow":"follow","max-snippet":"max-snippet:-1","max-image-preview":"max-image-preview:large","max-video-preview":"max-video-preview:-1"},"canonical":"https:\/\/www.visit-beaujolais.com\/en\/chateau-gaillard-une-histoire-de-famille\/","og_locale":"en_US","og_type":"article","og_title":"Ch\u00e2teau Gaillard, a family story - Walks in Beaujolais and South Burgundy","og_description":"The latest in a long line of winegrowers, S\u00e9bastien Gutty proudly defends the colours of Beaujolais on the 12-hectare Ch\u00e2teau Gaillard estate in the commune of Villi\u00e9-Morgon. S\u00e9bastien Gutty is the latest in a long line of winegrowers. The Gutty family have been winegrowers from father to son for seven generations. And that&#8217;s just the beginning! S\u00e9bastien set up in...","og_url":"https:\/\/www.visit-beaujolais.com\/en\/chateau-gaillard-une-histoire-de-famille\/","og_site_name":"Walks in Beaujolais and South Burgundy","article_published_time":"2024-09-18T08:29:44+00:00","article_modified_time":"2024-09-18T08:35:15+00:00","og_image":[{"width":1500,"height":868,"url":"https:\/\/www.visit-beaujolais.com\/wp-content\/uploads\/2024\/09\/grappe-fleurie-2023-092.jpg","type":"image\/jpeg"}],"author":"Marie en Beaujolais","twitter_card":"summary_large_image","twitter_misc":{"Written by":"Marie en Beaujolais","Est. reading time":"1 minute"},"schema":{"@context":"https:\/\/schema.org","@graph":[{"@type":"WebPage","@id":"https:\/\/www.visit-beaujolais.com\/en\/chateau-gaillard-une-histoire-de-famille\/","url":"https:\/\/www.visit-beaujolais.com\/en\/chateau-gaillard-une-histoire-de-famille\/","name":"Ch\u00e2teau Gaillard, a family story - Walks in Beaujolais and South Burgundy","isPartOf":{"@id":"https:\/\/www.visit-beaujolais.com\/#website"},"datePublished":"2024-09-18T08:29:44+00:00","dateModified":"2024-09-18T08:35:15+00:00","author":{"@id":"https:\/\/www.visit-beaujolais.com\/#\/schema\/person\/2c6e1a32fbaeccf8ffd72e902108b67b"},"breadcrumb":{"@id":"https:\/\/www.visit-beaujolais.com\/en\/chateau-gaillard-une-histoire-de-famille\/#breadcrumb"},"inLanguage":"en-US","potentialAction":[{"@type":"ReadAction","target":["https:\/\/www.visit-beaujolais.com\/en\/chateau-gaillard-une-histoire-de-famille\/"]}]},{"@type":"BreadcrumbList","@id":"https:\/\/www.visit-beaujolais.com\/en\/chateau-gaillard-une-histoire-de-famille\/#breadcrumb","itemListElement":[{"@type":"ListItem","position":1,"name":"Home","item":"https:\/\/www.visit-beaujolais.com\/"},{"@type":"ListItem","position":2,"name":"Ch\u00e2teau Gaillard, a family story"}]},{"@type":"WebSite","@id":"https:\/\/www.visit-beaujolais.com\/#website","url":"https:\/\/www.visit-beaujolais.com\/","name":"Walks in Beaujolais and South Burgundy","description":"Discover the treasures of Beaujolais","potentialAction":[{"@type":"SearchAction","target":{"@type":"EntryPoint","urlTemplate":"https:\/\/www.visit-beaujolais.com\/?s={search_term_string}"},"query-input":"required name=search_term_string"}],"inLanguage":"en-US"},{"@type":"Person","@id":"https:\/\/www.visit-beaujolais.com\/#\/schema\/person\/2c6e1a32fbaeccf8ffd72e902108b67b","name":"Marie en Beaujolais","image":{"@type":"ImageObject","inLanguage":"en-US","@id":"https:\/\/www.visit-beaujolais.com\/#\/schema\/person\/image\/","url":"https:\/\/www.visit-beaujolais.com\/wp-content\/uploads\/2023\/05\/cropped-icon-gf-100x100.png","contentUrl":"https:\/\/www.visit-beaujolais.com\/wp-content\/uploads\/2023\/05\/cropped-icon-gf-100x100.png","caption":"Marie en Beaujolais"},"url":"https:\/\/www.visit-beaujolais.com\/en\/author\/lambelin-welovecamping\/"}]}},"_links":{"self":[{"href":"https:\/\/www.visit-beaujolais.com\/en\/wp-json\/wp\/v2\/posts\/13726","targetHints":{"allow":["GET"]}}],"collection":[{"href":"https:\/\/www.visit-beaujolais.com\/en\/wp-json\/wp\/v2\/posts"}],"about":[{"href":"https:\/\/www.visit-beaujolais.com\/en\/wp-json\/wp\/v2\/types\/post"}],"author":[{"embeddable":true,"href":"https:\/\/www.visit-beaujolais.com\/en\/wp-json\/wp\/v2\/users\/1"}],"replies":[{"embeddable":true,"href":"https:\/\/www.visit-beaujolais.com\/en\/wp-json\/wp\/v2\/comments?post=13726"}],"version-history":[{"count":1,"href":"https:\/\/www.visit-beaujolais.com\/en\/wp-json\/wp\/v2\/posts\/13726\/revisions"}],"predecessor-version":[{"id":13728,"href":"https:\/\/www.visit-beaujolais.com\/en\/wp-json\/wp\/v2\/posts\/13726\/revisions\/13728"}],"wp:featuredmedia":[{"embeddable":true,"href":"https:\/\/www.visit-beaujolais.com\/en\/wp-json\/wp\/v2\/media\/13712"}],"wp:attachment":[{"href":"https:\/\/www.visit-beaujolais.com\/en\/wp-json\/wp\/v2\/media?parent=13726"}],"wp:term":[{"taxonomy":"category","embeddable":true,"href":"https:\/\/www.visit-beaujolais.com\/en\/wp-json\/wp\/v2\/categories?post=13726"},{"taxonomy":"post_tag","embeddable":true,"href":"https:\/\/www.visit-beaujolais.com\/en\/wp-json\/wp\/v2\/tags?post=13726"}],"curies":[{"name":"wp","href":"https:\/\/api.w.org\/{rel}","templated":true}]}}